{"id":5319,"date":"2019-10-01T07:53:06","date_gmt":"2019-10-01T06:53:06","guid":{"rendered":"https:\/\/www.tfe-france.com\/fr\/?p=5319"},"modified":"2019-10-01T07:53:06","modified_gmt":"2019-10-01T06:53:06","slug":"fermeture-ete-2","status":"publish","type":"post","link":"https:\/\/www.tfe-france.com\/fr\/actualites\/fermeture-ete-2\/","title":{"rendered":"Deux jeunes repreneurs pour TFE"},"content":{"rendered":"<\/div><\/div><\/div><!-- close content main div --><\/div><\/div><div id='section-surmesure' class='avia-section main_color avia-section-default avia-no-border-styling avia-bg-style-scroll   container_wrap fullsize'   ><div class='container' ><div class='template-page content  av-content-full alpha units'><div class='post-entry post-entry-type-page post-entry-5319'><div class='entry-content-wrapper clearfix'>\n<div class=\"flex_column av_two_fifth  av-animated-generic left-to-right  flex_column_div av-zero-column-padding first  \" style='border-radius:0px; '><p><div class='avia-image-container  av-styling-no-styling     avia-align-center '  itemprop=\"ImageObject\" itemscope=\"itemscope\" itemtype=\"https:\/\/schema.org\/ImageObject\"  ><div class='avia-image-container-inner'><img class='avia_image ' src=\"data:image\/gif;base64,R0lGODdhAQABAPAAAP\/\/\/wAAACwAAAAAAQABAEACAkQBADs=\" data-lazy-src='https:\/\/www.tfe-france.com\/public\/uploads\/2019\/09\/visuel-ouest-france-300x223.png' alt='' title='visuel ouest france'   itemprop=\"thumbnailUrl\"  \/><noscript><img class='avia_image ' src='https:\/\/www.tfe-france.com\/public\/uploads\/2019\/09\/visuel-ouest-france-300x223.png' alt='' title='visuel ouest france'   itemprop=\"thumbnailUrl\"  \/><\/noscript><\/div><\/div><br \/>\n<div class='avia-button-wrap avia-button-left '><a href='https:\/\/www.tfe-france.com\/fr\/archives\/actualites\/' class='avia-button   avia-icon_select-yes-right-icon avia-color-theme-color avia-size-small avia-position-left '   ><span class='avia_iconbox_title' >Retour aux actualit\u00e9s<\/span><span class='avia_button_icon avia_button_icon_right' aria-hidden='true' data-av_icon='\uf105' data-av_iconfont='fontawesome'><\/span><\/a><\/div><\/p><\/div><div class=\"flex_column av_three_fifth  av-animated-generic right-to-left  flex_column_div av-zero-column-padding   \" style='border-radius:0px; '><p><div style='padding-bottom:10px;color:#3c3c3b;font-size:55px;' class='av-special-heading av-special-heading-h2 custom-color-heading blockquote modern-quote   av-inherit-size '><h2 class='av-special-heading-tag '  itemprop=\"headline\"  >DEUX JEUNES REPRENEURS POUR TFE<\/h2><div class='special-heading-border'><div class='special-heading-inner-border' style='border-color:#3c3c3b'><\/div><\/div><\/div><br \/>\n<section class=\"av_textblock_section \"  itemscope=\"itemscope\" itemtype=\"https:\/\/schema.org\/BlogPosting\" itemprop=\"blogPost\" ><div class='avia_textblock  av_inherit_color '  style='color:#2e2d2c; '  itemprop=\"text\" ><p>Les repreneurs, Magalie Prigent, 37 ans et Laurent Farcy, 38 ans, connaissent le m\u00e9tier. Les conjoints ont travaill\u00e9 auparavant comme salari\u00e9s ing\u00e9nieurs m\u00e9caniques dans les m\u00e9tiers de l\u2019industrie, en r\u00e9gion parisienne. <a href=\"https:\/\/www.ouest-france.fr\/bretagne\/loudeac-22600\/latelier-de-tolerie-de-precision-darmor-se-developpe-1792751\" target=\"_self\" rel=\"noopener noreferrer\">Ils rach\u00e8tent voil\u00e0 7\u00a0ans, l\u2019entreprise ATPA \u00e0 Illifaut,<\/a> qui compte une dizaine de salari\u00e9s.<strong>\u00ab\u00a0TFE poss\u00e8de une activit\u00e9 identique mais avec des savoir-faire diff\u00e9rents. En fait, les deux activit\u00e9s sont compl\u00e9mentaires\u00a0\u00bb,<\/strong> commente Laurent Farcy.<\/p>\n<p><strong>\u00ab\u00a0Notre savoir-faire est particulier. Notre point fort, c\u2019est la r\u00e9activit\u00e9. On consid\u00e8re cela comme un service dans l\u2019industrie\u00a0\u00bb.<\/strong><\/p>\n<p>L\u2019un des gros projets vise \u00e0 renouveler la machine d\u00e9coupe laser.<strong> \u00ab\u00a0Ce sera une automatisation suppl\u00e9mentaire qui facilitera le travail\u00a0\u00bb,<\/strong> explique le repreneur. Sa conjointe, cog\u00e9rante et charg\u00e9e de la comptabilit\u00e9, acquiesce\u00a0: <strong>\u00ab\u00a0Nous \u00e9voluons positivement. Et devons garder notre tissu industriel.\u00a0\u00bb<\/strong><\/p>\n<\/div><\/section><\/p><\/div>\n","protected":false},"excerpt":{"rendered":"","protected":false},"author":2,"featured_media":5293,"comment_status":"open","ping_status":"open","sticky":false,"template":"","format":"standard","meta":{"footnotes":""},"categories":[1],"tags":[36,37],"class_list":["post-5319","post","type-post","status-publish","format-standard","has-post-thumbnail","hentry","category-actualites","tag-food","tag-fun"],"yoast_head":"<!-- This site is optimized with the Yoast SEO plugin v25.7 - https:\/\/yoast.com\/wordpress\/plugins\/seo\/ -->\n<title>Deux jeunes repreneurs pour TFE - TFE<\/title>\n<meta name=\"robots\" content=\"index, follow, max-snippet:-1, max-image-preview:large, max-video-preview:-1\" \/>\n<link rel=\"canonical\" href=\"https:\/\/www.tfe-france.com\/fr\/actualites\/fermeture-ete-2\/\" \/>\n<meta property=\"og:locale\" content=\"fr_FR\" \/>\n<meta property=\"og:type\" content=\"article\" \/>\n<meta property=\"og:title\" content=\"Deux jeunes repreneurs pour TFE - TFE\" \/>\n<meta property=\"og:url\" content=\"https:\/\/www.tfe-france.com\/fr\/actualites\/fermeture-ete-2\/\" \/>\n<meta property=\"og:site_name\" content=\"TFE\" \/>\n<meta property=\"article:published_time\" content=\"2019-10-01T06:53:06+00:00\" \/>\n<meta property=\"og:image\" content=\"https:\/\/www.tfe-france.com\/public\/uploads\/2019\/09\/visuel-ouest-france.png\" \/>\n\t<meta property=\"og:image:width\" content=\"868\" \/>\n\t<meta property=\"og:image:height\" content=\"644\" \/>\n\t<meta property=\"og:image:type\" content=\"image\/png\" \/>\n<meta name=\"author\" content=\"SOULABAILLE Fr\u00e9d\u00e9ric\" \/>\n<meta name=\"twitter:card\" content=\"summary_large_image\" \/>\n<meta name=\"twitter:label1\" content=\"\u00c9crit par\" \/>\n\t<meta name=\"twitter:data1\" content=\"SOULABAILLE Fr\u00e9d\u00e9ric\" \/>\n\t<meta name=\"twitter:label2\" content=\"Dur\u00e9e de lecture estim\u00e9e\" \/>\n\t<meta name=\"twitter:data2\" content=\"3 minutes\" \/>\n<script type=\"application\/ld+json\" class=\"yoast-schema-graph\">{\"@context\":\"https:\/\/schema.org\",\"@graph\":[{\"@type\":\"WebPage\",\"@id\":\"https:\/\/www.tfe-france.com\/fr\/actualites\/fermeture-ete-2\/\",\"url\":\"https:\/\/www.tfe-france.com\/fr\/actualites\/fermeture-ete-2\/\",\"name\":\"Deux jeunes repreneurs pour TFE - TFE\",\"isPartOf\":{\"@id\":\"https:\/\/www.tfe-france.com\/fr\/#website\"},\"primaryImageOfPage\":{\"@id\":\"https:\/\/www.tfe-france.com\/fr\/actualites\/fermeture-ete-2\/#primaryimage\"},\"image\":{\"@id\":\"https:\/\/www.tfe-france.com\/fr\/actualites\/fermeture-ete-2\/#primaryimage\"},\"thumbnailUrl\":\"https:\/\/www.tfe-france.com\/public\/uploads\/2019\/09\/visuel-ouest-france.png\",\"datePublished\":\"2019-10-01T06:53:06+00:00\",\"author\":{\"@id\":\"https:\/\/www.tfe-france.com\/fr\/#\/schema\/person\/0ab69affccf25abebdf83f0d7b7fa8b8\"},\"breadcrumb\":{\"@id\":\"https:\/\/www.tfe-france.com\/fr\/actualites\/fermeture-ete-2\/#breadcrumb\"},\"inLanguage\":\"fr-FR\",\"potentialAction\":[{\"@type\":\"ReadAction\",\"target\":[\"https:\/\/www.tfe-france.com\/fr\/actualites\/fermeture-ete-2\/\"]}]},{\"@type\":\"ImageObject\",\"inLanguage\":\"fr-FR\",\"@id\":\"https:\/\/www.tfe-france.com\/fr\/actualites\/fermeture-ete-2\/#primaryimage\",\"url\":\"https:\/\/www.tfe-france.com\/public\/uploads\/2019\/09\/visuel-ouest-france.png\",\"contentUrl\":\"https:\/\/www.tfe-france.com\/public\/uploads\/2019\/09\/visuel-ouest-france.png\",\"width\":868,\"height\":644,\"caption\":\"T\u00f4lerie d\u00e9coupe laser\"},{\"@type\":\"BreadcrumbList\",\"@id\":\"https:\/\/www.tfe-france.com\/fr\/actualites\/fermeture-ete-2\/#breadcrumb\",\"itemListElement\":[{\"@type\":\"ListItem\",\"position\":1,\"name\":\"Accueil\",\"item\":\"https:\/\/www.tfe-france.com\/fr\/accueil-2\/\"},{\"@type\":\"ListItem\",\"position\":2,\"name\":\"Deux jeunes repreneurs pour TFE\"}]},{\"@type\":\"WebSite\",\"@id\":\"https:\/\/www.tfe-france.com\/fr\/#website\",\"url\":\"https:\/\/www.tfe-france.com\/fr\/\",\"name\":\"TFE\",\"description\":\"\",\"potentialAction\":[{\"@type\":\"SearchAction\",\"target\":{\"@type\":\"EntryPoint\",\"urlTemplate\":\"https:\/\/www.tfe-france.com\/fr\/?s={search_term_string}\"},\"query-input\":{\"@type\":\"PropertyValueSpecification\",\"valueRequired\":true,\"valueName\":\"search_term_string\"}}],\"inLanguage\":\"fr-FR\"},{\"@type\":\"Person\",\"@id\":\"https:\/\/www.tfe-france.com\/fr\/#\/schema\/person\/0ab69affccf25abebdf83f0d7b7fa8b8\",\"name\":\"SOULABAILLE Fr\u00e9d\u00e9ric\",\"image\":{\"@type\":\"ImageObject\",\"inLanguage\":\"fr-FR\",\"@id\":\"https:\/\/www.tfe-france.com\/fr\/#\/schema\/person\/image\/\",\"url\":\"https:\/\/secure.gravatar.com\/avatar\/79e000354784bdca9e173db0ed5c725a8118a11f812e8222000927a7c4930874?s=96&d=mm&r=g\",\"contentUrl\":\"https:\/\/secure.gravatar.com\/avatar\/79e000354784bdca9e173db0ed5c725a8118a11f812e8222000927a7c4930874?s=96&d=mm&r=g\",\"caption\":\"SOULABAILLE Fr\u00e9d\u00e9ric\"}}]}<\/script>\n<!-- \/ Yoast SEO plugin. -->","yoast_head_json":{"title":"Deux jeunes repreneurs pour TFE - TFE","robots":{"index":"index","follow":"follow","max-snippet":"max-snippet:-1","max-image-preview":"max-image-preview:large","max-video-preview":"max-video-preview:-1"},"canonical":"https:\/\/www.tfe-france.com\/fr\/actualites\/fermeture-ete-2\/","og_locale":"fr_FR","og_type":"article","og_title":"Deux jeunes repreneurs pour TFE - TFE","og_url":"https:\/\/www.tfe-france.com\/fr\/actualites\/fermeture-ete-2\/","og_site_name":"TFE","article_published_time":"2019-10-01T06:53:06+00:00","og_image":[{"width":868,"height":644,"url":"https:\/\/www.tfe-france.com\/public\/uploads\/2019\/09\/visuel-ouest-france.png","type":"image\/png"}],"author":"SOULABAILLE Fr\u00e9d\u00e9ric","twitter_card":"summary_large_image","twitter_misc":{"\u00c9crit par":"SOULABAILLE Fr\u00e9d\u00e9ric","Dur\u00e9e de lecture estim\u00e9e":"3 minutes"},"schema":{"@context":"https:\/\/schema.org","@graph":[{"@type":"WebPage","@id":"https:\/\/www.tfe-france.com\/fr\/actualites\/fermeture-ete-2\/","url":"https:\/\/www.tfe-france.com\/fr\/actualites\/fermeture-ete-2\/","name":"Deux jeunes repreneurs pour TFE - TFE","isPartOf":{"@id":"https:\/\/www.tfe-france.com\/fr\/#website"},"primaryImageOfPage":{"@id":"https:\/\/www.tfe-france.com\/fr\/actualites\/fermeture-ete-2\/#primaryimage"},"image":{"@id":"https:\/\/www.tfe-france.com\/fr\/actualites\/fermeture-ete-2\/#primaryimage"},"thumbnailUrl":"https:\/\/www.tfe-france.com\/public\/uploads\/2019\/09\/visuel-ouest-france.png","datePublished":"2019-10-01T06:53:06+00:00","author":{"@id":"https:\/\/www.tfe-france.com\/fr\/#\/schema\/person\/0ab69affccf25abebdf83f0d7b7fa8b8"},"breadcrumb":{"@id":"https:\/\/www.tfe-france.com\/fr\/actualites\/fermeture-ete-2\/#breadcrumb"},"inLanguage":"fr-FR","potentialAction":[{"@type":"ReadAction","target":["https:\/\/www.tfe-france.com\/fr\/actualites\/fermeture-ete-2\/"]}]},{"@type":"ImageObject","inLanguage":"fr-FR","@id":"https:\/\/www.tfe-france.com\/fr\/actualites\/fermeture-ete-2\/#primaryimage","url":"https:\/\/www.tfe-france.com\/public\/uploads\/2019\/09\/visuel-ouest-france.png","contentUrl":"https:\/\/www.tfe-france.com\/public\/uploads\/2019\/09\/visuel-ouest-france.png","width":868,"height":644,"caption":"T\u00f4lerie d\u00e9coupe laser"},{"@type":"BreadcrumbList","@id":"https:\/\/www.tfe-france.com\/fr\/actualites\/fermeture-ete-2\/#breadcrumb","itemListElement":[{"@type":"ListItem","position":1,"name":"Accueil","item":"https:\/\/www.tfe-france.com\/fr\/accueil-2\/"},{"@type":"ListItem","position":2,"name":"Deux jeunes repreneurs pour TFE"}]},{"@type":"WebSite","@id":"https:\/\/www.tfe-france.com\/fr\/#website","url":"https:\/\/www.tfe-france.com\/fr\/","name":"TFE","description":"","potentialAction":[{"@type":"SearchAction","target":{"@type":"EntryPoint","urlTemplate":"https:\/\/www.tfe-france.com\/fr\/?s={search_term_string}"},"query-input":{"@type":"PropertyValueSpecification","valueRequired":true,"valueName":"search_term_string"}}],"inLanguage":"fr-FR"},{"@type":"Person","@id":"https:\/\/www.tfe-france.com\/fr\/#\/schema\/person\/0ab69affccf25abebdf83f0d7b7fa8b8","name":"SOULABAILLE Fr\u00e9d\u00e9ric","image":{"@type":"ImageObject","inLanguage":"fr-FR","@id":"https:\/\/www.tfe-france.com\/fr\/#\/schema\/person\/image\/","url":"https:\/\/secure.gravatar.com\/avatar\/79e000354784bdca9e173db0ed5c725a8118a11f812e8222000927a7c4930874?s=96&d=mm&r=g","contentUrl":"https:\/\/secure.gravatar.com\/avatar\/79e000354784bdca9e173db0ed5c725a8118a11f812e8222000927a7c4930874?s=96&d=mm&r=g","caption":"SOULABAILLE Fr\u00e9d\u00e9ric"}}]}},"_links":{"self":[{"href":"https:\/\/www.tfe-france.com\/fr\/wp-json\/wp\/v2\/posts\/5319","targetHints":{"allow":["GET"]}}],"collection":[{"href":"https:\/\/www.tfe-france.com\/fr\/wp-json\/wp\/v2\/posts"}],"about":[{"href":"https:\/\/www.tfe-france.com\/fr\/wp-json\/wp\/v2\/types\/post"}],"author":[{"embeddable":true,"href":"https:\/\/www.tfe-france.com\/fr\/wp-json\/wp\/v2\/users\/2"}],"replies":[{"embeddable":true,"href":"https:\/\/www.tfe-france.com\/fr\/wp-json\/wp\/v2\/comments?post=5319"}],"version-history":[{"count":2,"href":"https:\/\/www.tfe-france.com\/fr\/wp-json\/wp\/v2\/posts\/5319\/revisions"}],"predecessor-version":[{"id":5328,"href":"https:\/\/www.tfe-france.com\/fr\/wp-json\/wp\/v2\/posts\/5319\/revisions\/5328"}],"wp:featuredmedia":[{"embeddable":true,"href":"https:\/\/www.tfe-france.com\/fr\/wp-json\/wp\/v2\/media\/5293"}],"wp:attachment":[{"href":"https:\/\/www.tfe-france.com\/fr\/wp-json\/wp\/v2\/media?parent=5319"}],"wp:term":[{"taxonomy":"category","embeddable":true,"href":"https:\/\/www.tfe-france.com\/fr\/wp-json\/wp\/v2\/categories?post=5319"},{"taxonomy":"post_tag","embeddable":true,"href":"https:\/\/www.tfe-france.com\/fr\/wp-json\/wp\/v2\/tags?post=5319"}],"curies":[{"name":"wp","href":"https:\/\/api.w.org\/{rel}","templated":true}]}}